{"id":1705,"date":"2017-04-01T01:28:22","date_gmt":"2017-04-01T00:28:22","guid":{"rendered":"http:\/\/albcycling.al\/?p=1705"},"modified":"2017-05-17T02:00:19","modified_gmt":"2017-05-17T01:00:19","slug":"eugert-zhupa-fiton-turin-e-70-te-ciklistik-te-shqiperise","status":"publish","type":"post","link":"https:\/\/albcycling.al\/?p=1705","title":{"rendered":"Eugert Zhupa fiton Turin e 70-t\u00eb \u00c7iklistik t\u00eb Shqip\u00ebris\u00eb"},"content":{"rendered":"<p><img decoding=\"async\" class=\"alignleft wp-image-1706\" src=\"http:\/\/albcycling.al\/wp-content\/uploads\/2017\/05\/kupat1.jpg\" alt=\"\" width=\"333\" height=\"500\" srcset=\"https:\/\/albcycling.al\/wp-content\/uploads\/2017\/05\/kupat1-200x300.jpg 200w, https:\/\/albcycling.al\/wp-content\/uploads\/2017\/05\/kupat1-400x600.jpg 400w, https:\/\/albcycling.al\/wp-content\/uploads\/2017\/05\/kupat1-600x900.jpg 600w, https:\/\/albcycling.al\/wp-content\/uploads\/2017\/05\/kupat1.jpg 640w\" sizes=\"(max-width: 333px) 100vw, 333px\" \/>Fituesi i Turit te 70-t\u00eb \u00c7iklistik t\u00eb Shqip\u00ebris\u00eb &#8220;Fair Play Hero&#8221;, i cili u p\u00ebrmbyll t\u00eb m\u00ebrkur\u00ebn dat\u00eb 23 tetor 2013, \u00ebsht\u00eb Eugert Zhupa i ekipit t\u00eb Teut\u00ebs.<\/p>\n<p>\u00c7iklisti me num\u00ebr fanelle 30 u radhit gjithashtu i dyti n\u00eb etap\u00ebn e 5-t\u00eb dhe t\u00eb fundit t\u00eb Turit 5-ditor (19-23 tetor) q\u00eb u zhvillua dje Vlor\u00eb &#8211; Fratar &#8211; Fier.&nbsp;<\/p>\n<p>Etapa e fundit q\u00eb nisi nga Sheshi i Pavar\u00ebsis\u00eb, Vlor\u00eb deri n\u00eb Fratar dhe m\u00eb pas n\u00eb Fier, radhiti t\u00eb parin \u00e7iklistin Stefan Stefanovi\u00e7 nga ekipi i Novi Pazar dhe n\u00eb vendin e tret\u00eb &nbsp;Emiljano Stojkun &nbsp;nga ekipi i Teut\u00ebs.<\/p>\n<p>Ky aktivitet u krye n\u00eb bashk\u00ebpunim me Ministrin\u00eb e Arsimit dhe Sporteve, Bashkit\u00eb e qyteteve: Tiran\u00eb, Shkod\u00ebr, Burrel, Durr\u00ebs, Vlor\u00eb, Fier si dhe klubet shum\u00eb sportesh respektive.<\/p>\n<p>Itinerari i k\u00ebtij aktiviteti ishte: Tiran\u00eb (D\u00ebshmor\u00ebt e Kombit &#8211; Sheshi \u201cN\u00ebn\u00eb Tereza\u201d) 10 xhiro cirkuit start me gjatesi 36 km<\/p>\n<p>&nbsp;<\/p>\n<p>\u2022 Tiran\u00eb \u2013 Shkod\u00ebr start ora&nbsp;<br \/>\n10:00 date 19\/10\/2013 me gjatesi 97 km<\/p>\n<p>\u2022 Shkoder &#8211; Burrel start ora&nbsp;<br \/>\n10:00 dat\u00eb 20\/10\/2013 me gjat\u00ebsi 101 km<\/p>\n<p>\u2022 Burrel &#8211; Durres start ora&nbsp;<br \/>\n10:00 dat\u00eb 21\/10\/2013 me gjat\u00ebsi 102 km<\/p>\n<p>\u2022 Durres &#8211; Vlor\u00eb start ora 10:00&nbsp;<br \/>\ndat\u00eb 22\/10\/2013 me gjat\u00ebsi 116 km<\/p>\n<p>\u2022 Vlor\u00eb &#8211; Fratar &#8211; Fier start ora&nbsp;<br \/>\n10:00 date 23\/10\/2013 me gjat\u00ebsi 90 km.<\/p>\n","protected":false},"excerpt":{"rendered":"<p> [&hellip;]<\/p>\n","protected":false},"author":1,"featured_media":1706,"comment_status":"closed","ping_status":"open","sticky":false,"template":"","format":"standard","meta":{"ngg_post_thumbnail":0},"categories":[26],"tags":[],"acf":[],"_links":{"self":[{"href":"https:\/\/albcycling.al\/index.php?rest_route=\/wp\/v2\/posts\/1705"}],"collection":[{"href":"https:\/\/albcycling.al\/index.php?rest_route=\/wp\/v2\/posts"}],"about":[{"href":"https:\/\/albcycling.al\/index.php?rest_route=\/wp\/v2\/types\/post"}],"author":[{"embeddable":true,"href":"https:\/\/albcycling.al\/index.php?rest_route=\/wp\/v2\/users\/1"}],"replies":[{"embeddable":true,"href":"https:\/\/albcycling.al\/index.php?rest_route=%2Fwp%2Fv2%2Fcomments&post=1705"}],"version-history":[{"count":2,"href":"https:\/\/albcycling.al\/index.php?rest_route=\/wp\/v2\/posts\/1705\/revisions"}],"predecessor-version":[{"id":1713,"href":"https:\/\/albcycling.al\/index.php?rest_route=\/wp\/v2\/posts\/1705\/revisions\/1713"}],"wp:featuredmedia":[{"embeddable":true,"href":"https:\/\/albcycling.al\/index.php?rest_route=\/wp\/v2\/media\/1706"}],"wp:attachment":[{"href":"https:\/\/albcycling.al\/index.php?rest_route=%2Fwp%2Fv2%2Fmedia&parent=1705"}],"wp:term":[{"taxonomy":"category","embeddable":true,"href":"https:\/\/albcycling.al\/index.php?rest_route=%2Fwp%2Fv2%2Fcategories&post=1705"},{"taxonomy":"post_tag","embeddable":true,"href":"https:\/\/albcycling.al\/index.php?rest_route=%2Fwp%2Fv2%2Ftags&post=1705"}],"curies":[{"name":"wp","href":"https:\/\/api.w.org\/{rel}","templated":true}]}}