{"id":1658,"date":"2017-04-29T19:41:18","date_gmt":"2017-04-29T18:41:18","guid":{"rendered":"http:\/\/albcycling.al\/?p=1658"},"modified":"2017-04-29T19:41:18","modified_gmt":"2017-04-29T18:41:18","slug":"fazat-e-turit-te-shqiperise","status":"publish","type":"post","link":"https:\/\/albcycling.al\/?p=1658","title":{"rendered":"Fazat e Turit t\u00eb Shqip\u00ebris\u00eb"},"content":{"rendered":"<p>Turi i Shqip\u00ebris\u00eb, gara \u00e7iklistike m\u00eb e famshme e organizuar n\u00eb Shqip\u00ebri, si \u00e7do vit, do t\u00eb kryhet n\u00eb 5 faza, t\u00eb cilat p\u00ebrfshijn\u00eb t\u00eb gjitha trevat e kombit. M\u00eb posht\u00eb mund t\u00eb gjeni secil\u00ebn prej tyre.<\/p>\n<p>&nbsp;<\/p>\n<a href=\"https:\/\/albcycling.al\/wp-content\/uploads\/2017\/04\/1_Stage-Tirane-Korce-.pdf\" class=\"pdfemb-viewer\" style=\"\" data-width=\"max\" data-height=\"max\"  data-toolbar=\"bottom\" data-toolbar-fixed=\"off\">1_Stage Tirane - Korce<br\/><\/a>\n<a href=\"https:\/\/albcycling.al\/wp-content\/uploads\/2017\/04\/2_Stage-Korce-Elbasan-.pdf\" class=\"pdfemb-viewer\" style=\"\" data-width=\"max\" data-height=\"max\"  data-toolbar=\"bottom\" data-toolbar-fixed=\"off\">2_Stage Korce - Elbasan<br\/><\/a>\n<a href=\"https:\/\/albcycling.al\/wp-content\/uploads\/2017\/04\/3_Stage-Elbasan-Vlore-.pdf\" class=\"pdfemb-viewer\" style=\"\" data-width=\"max\" data-height=\"max\"  data-toolbar=\"bottom\" data-toolbar-fixed=\"off\">3_Stage Elbasan - Vlore<br\/><\/a>\n<a href=\"https:\/\/albcycling.al\/wp-content\/uploads\/2017\/04\/4_Stage-Vlore-Sarande-.pdf\" class=\"pdfemb-viewer\" style=\"\" data-width=\"max\" data-height=\"max\"  data-toolbar=\"bottom\" data-toolbar-fixed=\"off\">4_Stage Vlore - Sarande<br\/><\/a>\n<a href=\"https:\/\/albcycling.al\/wp-content\/uploads\/2017\/04\/5_Stage-girokaster-durres-.pdf\" class=\"pdfemb-viewer\" style=\"\" data-width=\"max\" data-height=\"max\"  data-toolbar=\"bottom\" data-toolbar-fixed=\"off\">5_Stage girokaster - durres<br\/><\/a>\n<a href=\"https:\/\/albcycling.al\/wp-content\/uploads\/2017\/04\/5_Stage-Sarande-Fier-.pdf\" class=\"pdfemb-viewer\" style=\"\" data-width=\"max\" data-height=\"max\"  data-toolbar=\"bottom\" data-toolbar-fixed=\"off\">5_Stage Sarande - Fier<br\/><\/a>\n<p>&nbsp;<\/p>\n","protected":false},"excerpt":{"rendered":"<p> [&hellip;]<\/p>\n","protected":false},"author":1,"featured_media":1657,"comment_status":"closed","ping_status":"open","sticky":false,"template":"","format":"standard","meta":{"ngg_post_thumbnail":0},"categories":[26],"tags":[],"acf":[],"_links":{"self":[{"href":"https:\/\/albcycling.al\/index.php?rest_route=\/wp\/v2\/posts\/1658"}],"collection":[{"href":"https:\/\/albcycling.al\/index.php?rest_route=\/wp\/v2\/posts"}],"about":[{"href":"https:\/\/albcycling.al\/index.php?rest_route=\/wp\/v2\/types\/post"}],"author":[{"embeddable":true,"href":"https:\/\/albcycling.al\/index.php?rest_route=\/wp\/v2\/users\/1"}],"replies":[{"embeddable":true,"href":"https:\/\/albcycling.al\/index.php?rest_route=%2Fwp%2Fv2%2Fcomments&post=1658"}],"version-history":[{"count":1,"href":"https:\/\/albcycling.al\/index.php?rest_route=\/wp\/v2\/posts\/1658\/revisions"}],"predecessor-version":[{"id":1660,"href":"https:\/\/albcycling.al\/index.php?rest_route=\/wp\/v2\/posts\/1658\/revisions\/1660"}],"wp:featuredmedia":[{"embeddable":true,"href":"https:\/\/albcycling.al\/index.php?rest_route=\/wp\/v2\/media\/1657"}],"wp:attachment":[{"href":"https:\/\/albcycling.al\/index.php?rest_route=%2Fwp%2Fv2%2Fmedia&parent=1658"}],"wp:term":[{"taxonomy":"category","embeddable":true,"href":"https:\/\/albcycling.al\/index.php?rest_route=%2Fwp%2Fv2%2Fcategories&post=1658"},{"taxonomy":"post_tag","embeddable":true,"href":"https:\/\/albcycling.al\/index.php?rest_route=%2Fwp%2Fv2%2Ftags&post=1658"}],"curies":[{"name":"wp","href":"https:\/\/api.w.org\/{rel}","templated":true}]}}