{"id":1638,"date":"2017-04-29T17:50:39","date_gmt":"2017-04-29T16:50:39","guid":{"rendered":"http:\/\/albcycling.al\/?p=1638"},"modified":"2017-05-17T00:04:40","modified_gmt":"2017-05-16T23:04:40","slug":"fituesit-e-garave-te-turit-te-shqiperise-nder-vite","status":"publish","type":"post","link":"https:\/\/albcycling.al\/?p=1638","title":{"rendered":"Fituesit e garave t\u00eb Turit t\u00eb Shqip\u00ebris\u00eb nd\u00ebr vite"},"content":{"rendered":"<p>Q\u00eb nga gara e par\u00eb e vitit 1925, edhe pse zhvilluar jo \u00e7do vit p\u00ebr shkak t\u00eb situatave t\u00eb ndryshme sociale, ekonomike dhe politike, e deri n\u00eb gar\u00ebn e vitit 2016, m\u00eb posht\u00eb jan\u00eb listuar t\u00eb gjith\u00eb fituesit e garave t\u00eb Turit t\u00eb Shqip\u00ebris\u00eb, gara m\u00eb e famshme dhe m\u00eb prestigjoze n\u00eb t\u00eb gjith\u00eb kombin. Me p\u00ebrjashtim t\u00eb vitit 1992, \u00e7do vit ka pasur gar\u00ebn e Turit t\u00eb Shqip\u00ebris\u00eb q\u00eb nga viti 1946, vit n\u00eb t\u00eb cilin u zhvillua p\u00ebr her\u00eb t\u00eb tret\u00eb Turi i Shqip\u00ebris\u00eb.<\/p>\n<p>&nbsp;<\/p>\n<a href=\"https:\/\/albcycling.al\/wp-content\/uploads\/2017\/04\/Fitutuesit-e-Tureve-Ciklistike-small.pdf\" class=\"pdfemb-viewer\" style=\"\" data-width=\"max\" data-height=\"max\"  data-toolbar=\"bottom\" data-toolbar-fixed=\"off\">Fitutuesit e Tureve Ciklistike -small<br\/><\/a>\n","protected":false},"excerpt":{"rendered":"<p> [&hellip;]<\/p>\n","protected":false},"author":1,"featured_media":1643,"comment_status":"closed","ping_status":"open","sticky":false,"template":"","format":"standard","meta":{"ngg_post_thumbnail":0},"categories":[26],"tags":[],"acf":[],"_links":{"self":[{"href":"https:\/\/albcycling.al\/index.php?rest_route=\/wp\/v2\/posts\/1638"}],"collection":[{"href":"https:\/\/albcycling.al\/index.php?rest_route=\/wp\/v2\/posts"}],"about":[{"href":"https:\/\/albcycling.al\/index.php?rest_route=\/wp\/v2\/types\/post"}],"author":[{"embeddable":true,"href":"https:\/\/albcycling.al\/index.php?rest_route=\/wp\/v2\/users\/1"}],"replies":[{"embeddable":true,"href":"https:\/\/albcycling.al\/index.php?rest_route=%2Fwp%2Fv2%2Fcomments&post=1638"}],"version-history":[{"count":5,"href":"https:\/\/albcycling.al\/index.php?rest_route=\/wp\/v2\/posts\/1638\/revisions"}],"predecessor-version":[{"id":1646,"href":"https:\/\/albcycling.al\/index.php?rest_route=\/wp\/v2\/posts\/1638\/revisions\/1646"}],"wp:featuredmedia":[{"embeddable":true,"href":"https:\/\/albcycling.al\/index.php?rest_route=\/wp\/v2\/media\/1643"}],"wp:attachment":[{"href":"https:\/\/albcycling.al\/index.php?rest_route=%2Fwp%2Fv2%2Fmedia&parent=1638"}],"wp:term":[{"taxonomy":"category","embeddable":true,"href":"https:\/\/albcycling.al\/index.php?rest_route=%2Fwp%2Fv2%2Fcategories&post=1638"},{"taxonomy":"post_tag","embeddable":true,"href":"https:\/\/albcycling.al\/index.php?rest_route=%2Fwp%2Fv2%2Ftags&post=1638"}],"curies":[{"name":"wp","href":"https:\/\/api.w.org\/{rel}","templated":true}]}}